{"id":1875,"date":"2025-08-12T19:38:45","date_gmt":"2025-08-12T19:38:45","guid":{"rendered":"https:\/\/ahfnoticias.com\/?p=1875"},"modified":"2025-08-12T19:38:45","modified_gmt":"2025-08-12T19:38:45","slug":"que-esta-pasando-en-medio-de-los-medios","status":"publish","type":"post","link":"https:\/\/ahfnoticias.com\/?p=1875","title":{"rendered":"\u00bfQu\u00e9 est\u00e1 pasando en medio de los medios?"},"content":{"rendered":"<p><img loading=\"lazy\" decoding=\"async\" class=\"aligncenter wp-image-1793\" src=\"https:\/\/ahfnoticias.com\/wp-content\/uploads\/2024\/09\/Portada-Kien-y-Ke.jpeg\" alt=\"\" width=\"471\" height=\"265\" srcset=\"https:\/\/ahfnoticias.com\/wp-content\/uploads\/2024\/09\/Portada-Kien-y-Ke.jpeg 560w, https:\/\/ahfnoticias.com\/wp-content\/uploads\/2024\/09\/Portada-Kien-y-Ke-300x169.jpeg 300w\" sizes=\"auto, (max-width: 471px) 100vw, 471px\" \/><\/p>\n<p>Colombia est\u00e1 sacudida por l\u00edos, esc\u00e1ndalos, debates, confrontaciones, dimes y diretes, declaraciones desafortunadas y pol\u00e9micas tanto del jefe del gobierno, Gustavo Petro y sus alfiles, como de la oposici\u00f3n, los gremios, los expresidentes, magistrados, congresistas y hasta de los obispos.<!--more--><\/p>\n<p>Y en medio de todo este \u201cTongo le dio a Borondongo, Borondongo le dio a Bernab\u00e9, Bernab\u00e9 le peg\u00f3 a Muchilanga\u2026\u201d, est\u00e1n jugando duro las redes sociales y los medios de comunicaci\u00f3n an\u00e1logos, tradicionales, virtuales y digitales.<\/p>\n<p>Como gasolina en un incendio est\u00e1n las repetidas alocuciones de Petro por televisi\u00f3n, quien pr\u00e1cticamente se tom\u00f3 los horarios de m\u00e1s alta sinton\u00eda de los canales privados, afectando su pauta comercial y tambi\u00e9n impidiendo que los colombianos vean noticias o se entretengan con la programaci\u00f3n de esas horas.<\/p>\n<div id=\"standard_8\" class=\"st-placement standard_8 inArticle\">\n<div class=\"st-adunit-inarticle st-inarticle-slot\">\n<div class=\"st-adunit st-adunit-tagged st-reset st-show\">\n<div class=\"st-adunit-ad st-reset\">\n<div class=\"st-display-render st-reset open 300x600\">\n<div class=\"st-canvas st-reset horizontal-static\">\n<div class=\"x-to-close st-reset\">\n<p>Y aqu\u00ed hay dos cosas claras. Una, los canales ya est\u00e1n migrando a sus propias plataformas, donde el Gobierno no los puede interrumpir. Ese proceso ya arranc\u00f3 y puede llegar a que no\u00a0renueven sus licencias por las cuales pagan una billonada cada 10 a\u00f1os. Y dos, en ese caso el Gobierno se tomar\u00eda estos canales para engordar su grupo de medios identificado como RTVC, donde agrupa los canales Institucional y Se\u00f1al Colombia y Radio Nacional, cadena p\u00fablica, para hacer propaganda.<\/p>\n<p>Entonces, aqu\u00ed tambi\u00e9n comenzamos a hablar de los grandes grupos de medios que se est\u00e1n conformando. El primero, como ya se dijo, es el del Gobierno o RTVC. A este grupo se suman los privados.<\/p>\n<div id=\"standard_9\" class=\"st-placement standard_9 inArticle\">\n<div class=\"st-adunit-inarticle st-inarticle-slot\">\n<div class=\"st-adunit st-adunit-tagged st-reset st-show\">\n<div class=\"st-adunit-ad st-reset\">\n<div class=\"st-display-render st-reset open 300x250\">\n<div class=\"st-canvas st-reset vertical-static\">\n<div class=\"x-to-close st-reset\">\n<p>Arranquemos. Hace rato el canal Caracol, trabaja alineado con Blu Radio y\u00a0<em>El Espectador<\/em>. Sus recursos t\u00e9cnicos y humanos, l\u00e9ase periodistas, est\u00e1n trabajando para los tres medios. Igual, RCN ya est\u00e1 anunciando cubrimientos conjuntos de sus emisoras, su canal y el peri\u00f3dico\u00a0<em>La Rep\u00fablica<\/em>. Lo mismo est\u00e1 haciendo la alianza de las cadenas de radio Caracol y la W, del grupo Prisa, con los canales 1 y Red+. A estos s\u00faper grupos de la informaci\u00f3n se suma la Casa editorial\u00a0<em>El Tiempo<\/em>, con sus peri\u00f3dicos y los canales City y\u00a0<em>El Tiempo<\/em>.<\/p>\n<p>Entonces, la competencia informativa va a quedar entre cinco oligopolios: el Gobierno RTVC, Caracol, RCN, los espa\u00f1oles y El Tiempo.<\/p>\n<p>El resto de medios entrar\u00e1n en un momento complejo para su financiaci\u00f3n y correspondiente calidad de producci\u00f3n para competir contra los anteriores cinco bloques de medios. Muchos ya est\u00e1n alineados en unos grupos m\u00e1s peque\u00f1os para subsistir.<\/p>\n<p>Todo lo anterior y mucho m\u00e1s es lo que est\u00e1 pasando en medios de los medios, donde est\u00e1 en juego la libertad de prensa, la verdad, el control pol\u00edtico, pedirle cuentas a los poderosos y las condiciones laborales de miles de trabajadores entre periodistas, t\u00e9cnicos, administrativos, publicistas y dem\u00e1s personas que hacen realidad la cadena de la informaci\u00f3n y el entretenimiento. Este debate tambi\u00e9n hay que darlo. Esta nota es la cuota inicial.<\/p>\n<div id=\"standard_11\" class=\"st-placement standard_11 inArticle\">\n<div class=\"st-adunit-inarticle st-inarticle-slot\">\n<div class=\"st-adunit st-adunit-tagged st-reset st-show\">\n<div class=\"st-adunit-ad st-reset\">\n<div class=\"st-display-render st-reset open 300x600\">\n<div class=\"st-canvas st-reset horizontal-static\">\n<div class=\"x-to-close st-reset\"><\/div>\n<\/div>\n<\/div>\n<\/div>\n<\/div>\n<\/div>\n<\/div>\n<\/div>\n<\/div>\n<\/div>\n<\/div>\n<\/div>\n<\/div>\n<\/div>\n<\/div>\n<\/div>\n<\/div>\n<\/div>\n<\/div>\n<\/div>\n<\/div>\n","protected":false},"excerpt":{"rendered":"<p>Colombia est\u00e1 sacudida por l\u00edos, esc\u00e1ndalos, debates, confrontaciones, dimes y diretes, declaraciones desafortunadas y pol\u00e9micas tanto del jefe del gobierno, Gustavo Petro y sus alfiles, como de la oposici\u00f3n, los gremios, los expresidentes, magistrados, congresistas y hasta de los obispos.<\/p>\n","protected":false},"author":1,"featured_media":0,"comment_status":"closed","ping_status":"closed","sticky":false,"template":"","format":"aside","meta":{"footnotes":""},"categories":[1],"tags":[],"class_list":["post-1875","post","type-post","status-publish","format-aside","hentry","category-home","post_format-post-format-aside"],"yoast_head":"<!-- This site is optimized with the Yoast SEO plugin v27.1.1 - https:\/\/yoast.com\/product\/yoast-seo-wordpress\/ -->\n<title>\u00bfQu\u00e9 est\u00e1 pasando en medio de los medios? - AHF Noticias<\/title>\n<meta name=\"robots\" content=\"noindex, follow, max-snippet:-1, max-image-preview:large, max-video-preview:-1\" \/>\n<meta property=\"og:locale\" content=\"es_ES\" \/>\n<meta property=\"og:type\" content=\"article\" \/>\n<meta property=\"og:title\" content=\"\u00bfQu\u00e9 est\u00e1 pasando en medio de los medios? - AHF Noticias\" \/>\n<meta property=\"og:description\" content=\"Colombia est\u00e1 sacudida por l\u00edos, esc\u00e1ndalos, debates, confrontaciones, dimes y diretes, declaraciones desafortunadas y pol\u00e9micas tanto del jefe del gobierno, Gustavo Petro y sus alfiles, como de la oposici\u00f3n, los gremios, los expresidentes, magistrados, congresistas y hasta de los obispos.\" \/>\n<meta property=\"og:url\" content=\"https:\/\/ahfnoticias.com\/?p=1875\" \/>\n<meta property=\"og:site_name\" content=\"AHF Noticias\" \/>\n<meta property=\"article:published_time\" content=\"2025-08-12T19:38:45+00:00\" \/>\n<meta property=\"og:image\" content=\"https:\/\/ahfnoticias.com\/wp-content\/uploads\/2024\/09\/Portada-Kien-y-Ke.jpeg\" \/>\n<meta name=\"author\" content=\"Am\u00edlkar Hern\u00e1ndez\" \/>\n<meta name=\"twitter:card\" content=\"summary_large_image\" \/>\n<meta name=\"twitter:label1\" content=\"Escrito por\" \/>\n\t<meta name=\"twitter:data1\" content=\"Am\u00edlkar Hern\u00e1ndez\" \/>\n\t<meta name=\"twitter:label2\" content=\"Tiempo de lectura\" \/>\n\t<meta name=\"twitter:data2\" content=\"3 minutos\" \/>\n<script type=\"application\/ld+json\" class=\"yoast-schema-graph\">{\"@context\":\"https:\/\/schema.org\",\"@graph\":[{\"@type\":\"Article\",\"@id\":\"https:\/\/ahfnoticias.com\/?p=1875#article\",\"isPartOf\":{\"@id\":\"https:\/\/ahfnoticias.com\/?p=1875\"},\"author\":{\"name\":\"Am\u00edlkar Hern\u00e1ndez\",\"@id\":\"https:\/\/ahfnoticias.com\/#\/schema\/person\/63fcf7915f609cd6773927cda38c52f8\"},\"headline\":\"\u00bfQu\u00e9 est\u00e1 pasando en medio de los medios?\",\"datePublished\":\"2025-08-12T19:38:45+00:00\",\"mainEntityOfPage\":{\"@id\":\"https:\/\/ahfnoticias.com\/?p=1875\"},\"wordCount\":511,\"image\":{\"@id\":\"https:\/\/ahfnoticias.com\/?p=1875#primaryimage\"},\"thumbnailUrl\":\"https:\/\/ahfnoticias.com\/wp-content\/uploads\/2024\/09\/Portada-Kien-y-Ke.jpeg\",\"articleSection\":[\"Home\"],\"inLanguage\":\"es\"},{\"@type\":\"WebPage\",\"@id\":\"https:\/\/ahfnoticias.com\/?p=1875\",\"url\":\"https:\/\/ahfnoticias.com\/?p=1875\",\"name\":\"\u00bfQu\u00e9 est\u00e1 pasando en medio de los medios? - AHF Noticias\",\"isPartOf\":{\"@id\":\"https:\/\/ahfnoticias.com\/#website\"},\"primaryImageOfPage\":{\"@id\":\"https:\/\/ahfnoticias.com\/?p=1875#primaryimage\"},\"image\":{\"@id\":\"https:\/\/ahfnoticias.com\/?p=1875#primaryimage\"},\"thumbnailUrl\":\"https:\/\/ahfnoticias.com\/wp-content\/uploads\/2024\/09\/Portada-Kien-y-Ke.jpeg\",\"datePublished\":\"2025-08-12T19:38:45+00:00\",\"author\":{\"@id\":\"https:\/\/ahfnoticias.com\/#\/schema\/person\/63fcf7915f609cd6773927cda38c52f8\"},\"breadcrumb\":{\"@id\":\"https:\/\/ahfnoticias.com\/?p=1875#breadcrumb\"},\"inLanguage\":\"es\",\"potentialAction\":[{\"@type\":\"ReadAction\",\"target\":[\"https:\/\/ahfnoticias.com\/?p=1875\"]}]},{\"@type\":\"ImageObject\",\"inLanguage\":\"es\",\"@id\":\"https:\/\/ahfnoticias.com\/?p=1875#primaryimage\",\"url\":\"https:\/\/ahfnoticias.com\/wp-content\/uploads\/2024\/09\/Portada-Kien-y-Ke.jpeg\",\"contentUrl\":\"https:\/\/ahfnoticias.com\/wp-content\/uploads\/2024\/09\/Portada-Kien-y-Ke.jpeg\",\"width\":560,\"height\":315},{\"@type\":\"BreadcrumbList\",\"@id\":\"https:\/\/ahfnoticias.com\/?p=1875#breadcrumb\",\"itemListElement\":[{\"@type\":\"ListItem\",\"position\":1,\"name\":\"Portada\",\"item\":\"https:\/\/ahfnoticias.com\/\"},{\"@type\":\"ListItem\",\"position\":2,\"name\":\"\u00bfQu\u00e9 est\u00e1 pasando en medio de los medios?\"}]},{\"@type\":\"WebSite\",\"@id\":\"https:\/\/ahfnoticias.com\/#website\",\"url\":\"https:\/\/ahfnoticias.com\/\",\"name\":\"AHF Noticias\",\"description\":\"\",\"potentialAction\":[{\"@type\":\"SearchAction\",\"target\":{\"@type\":\"EntryPoint\",\"urlTemplate\":\"https:\/\/ahfnoticias.com\/?s={search_term_string}\"},\"query-input\":{\"@type\":\"PropertyValueSpecification\",\"valueRequired\":true,\"valueName\":\"search_term_string\"}}],\"inLanguage\":\"es\"},{\"@type\":\"Person\",\"@id\":\"https:\/\/ahfnoticias.com\/#\/schema\/person\/63fcf7915f609cd6773927cda38c52f8\",\"name\":\"Am\u00edlkar Hern\u00e1ndez\",\"image\":{\"@type\":\"ImageObject\",\"inLanguage\":\"es\",\"@id\":\"https:\/\/ahfnoticias.com\/#\/schema\/person\/image\/\",\"url\":\"https:\/\/secure.gravatar.com\/avatar\/141eb1b99aea3beadbe5a30a2cd8028109f3a5b2921dc90d57bfc224eb8e5fa6?s=96&d=mm&r=g\",\"contentUrl\":\"https:\/\/secure.gravatar.com\/avatar\/141eb1b99aea3beadbe5a30a2cd8028109f3a5b2921dc90d57bfc224eb8e5fa6?s=96&d=mm&r=g\",\"caption\":\"Am\u00edlkar Hern\u00e1ndez\"},\"url\":\"https:\/\/ahfnoticias.com\/?author=1\"}]}<\/script>\n<!-- \/ Yoast SEO plugin. -->","yoast_head_json":{"title":"\u00bfQu\u00e9 est\u00e1 pasando en medio de los medios? - AHF Noticias","robots":{"index":"noindex","follow":"follow","max-snippet":"max-snippet:-1","max-image-preview":"max-image-preview:large","max-video-preview":"max-video-preview:-1"},"og_locale":"es_ES","og_type":"article","og_title":"\u00bfQu\u00e9 est\u00e1 pasando en medio de los medios? - AHF Noticias","og_description":"Colombia est\u00e1 sacudida por l\u00edos, esc\u00e1ndalos, debates, confrontaciones, dimes y diretes, declaraciones desafortunadas y pol\u00e9micas tanto del jefe del gobierno, Gustavo Petro y sus alfiles, como de la oposici\u00f3n, los gremios, los expresidentes, magistrados, congresistas y hasta de los obispos.","og_url":"https:\/\/ahfnoticias.com\/?p=1875","og_site_name":"AHF Noticias","article_published_time":"2025-08-12T19:38:45+00:00","og_image":[{"url":"https:\/\/ahfnoticias.com\/wp-content\/uploads\/2024\/09\/Portada-Kien-y-Ke.jpeg","type":"","width":"","height":""}],"author":"Am\u00edlkar Hern\u00e1ndez","twitter_card":"summary_large_image","twitter_misc":{"Escrito por":"Am\u00edlkar Hern\u00e1ndez","Tiempo de lectura":"3 minutos"},"schema":{"@context":"https:\/\/schema.org","@graph":[{"@type":"Article","@id":"https:\/\/ahfnoticias.com\/?p=1875#article","isPartOf":{"@id":"https:\/\/ahfnoticias.com\/?p=1875"},"author":{"name":"Am\u00edlkar Hern\u00e1ndez","@id":"https:\/\/ahfnoticias.com\/#\/schema\/person\/63fcf7915f609cd6773927cda38c52f8"},"headline":"\u00bfQu\u00e9 est\u00e1 pasando en medio de los medios?","datePublished":"2025-08-12T19:38:45+00:00","mainEntityOfPage":{"@id":"https:\/\/ahfnoticias.com\/?p=1875"},"wordCount":511,"image":{"@id":"https:\/\/ahfnoticias.com\/?p=1875#primaryimage"},"thumbnailUrl":"https:\/\/ahfnoticias.com\/wp-content\/uploads\/2024\/09\/Portada-Kien-y-Ke.jpeg","articleSection":["Home"],"inLanguage":"es"},{"@type":"WebPage","@id":"https:\/\/ahfnoticias.com\/?p=1875","url":"https:\/\/ahfnoticias.com\/?p=1875","name":"\u00bfQu\u00e9 est\u00e1 pasando en medio de los medios? - AHF Noticias","isPartOf":{"@id":"https:\/\/ahfnoticias.com\/#website"},"primaryImageOfPage":{"@id":"https:\/\/ahfnoticias.com\/?p=1875#primaryimage"},"image":{"@id":"https:\/\/ahfnoticias.com\/?p=1875#primaryimage"},"thumbnailUrl":"https:\/\/ahfnoticias.com\/wp-content\/uploads\/2024\/09\/Portada-Kien-y-Ke.jpeg","datePublished":"2025-08-12T19:38:45+00:00","author":{"@id":"https:\/\/ahfnoticias.com\/#\/schema\/person\/63fcf7915f609cd6773927cda38c52f8"},"breadcrumb":{"@id":"https:\/\/ahfnoticias.com\/?p=1875#breadcrumb"},"inLanguage":"es","potentialAction":[{"@type":"ReadAction","target":["https:\/\/ahfnoticias.com\/?p=1875"]}]},{"@type":"ImageObject","inLanguage":"es","@id":"https:\/\/ahfnoticias.com\/?p=1875#primaryimage","url":"https:\/\/ahfnoticias.com\/wp-content\/uploads\/2024\/09\/Portada-Kien-y-Ke.jpeg","contentUrl":"https:\/\/ahfnoticias.com\/wp-content\/uploads\/2024\/09\/Portada-Kien-y-Ke.jpeg","width":560,"height":315},{"@type":"BreadcrumbList","@id":"https:\/\/ahfnoticias.com\/?p=1875#breadcrumb","itemListElement":[{"@type":"ListItem","position":1,"name":"Portada","item":"https:\/\/ahfnoticias.com\/"},{"@type":"ListItem","position":2,"name":"\u00bfQu\u00e9 est\u00e1 pasando en medio de los medios?"}]},{"@type":"WebSite","@id":"https:\/\/ahfnoticias.com\/#website","url":"https:\/\/ahfnoticias.com\/","name":"AHF Noticias","description":"","potentialAction":[{"@type":"SearchAction","target":{"@type":"EntryPoint","urlTemplate":"https:\/\/ahfnoticias.com\/?s={search_term_string}"},"query-input":{"@type":"PropertyValueSpecification","valueRequired":true,"valueName":"search_term_string"}}],"inLanguage":"es"},{"@type":"Person","@id":"https:\/\/ahfnoticias.com\/#\/schema\/person\/63fcf7915f609cd6773927cda38c52f8","name":"Am\u00edlkar Hern\u00e1ndez","image":{"@type":"ImageObject","inLanguage":"es","@id":"https:\/\/ahfnoticias.com\/#\/schema\/person\/image\/","url":"https:\/\/secure.gravatar.com\/avatar\/141eb1b99aea3beadbe5a30a2cd8028109f3a5b2921dc90d57bfc224eb8e5fa6?s=96&d=mm&r=g","contentUrl":"https:\/\/secure.gravatar.com\/avatar\/141eb1b99aea3beadbe5a30a2cd8028109f3a5b2921dc90d57bfc224eb8e5fa6?s=96&d=mm&r=g","caption":"Am\u00edlkar Hern\u00e1ndez"},"url":"https:\/\/ahfnoticias.com\/?author=1"}]}},"_links":{"self":[{"href":"https:\/\/ahfnoticias.com\/index.php?rest_route=\/wp\/v2\/posts\/1875","targetHints":{"allow":["GET"]}}],"collection":[{"href":"https:\/\/ahfnoticias.com\/index.php?rest_route=\/wp\/v2\/posts"}],"about":[{"href":"https:\/\/ahfnoticias.com\/index.php?rest_route=\/wp\/v2\/types\/post"}],"author":[{"embeddable":true,"href":"https:\/\/ahfnoticias.com\/index.php?rest_route=\/wp\/v2\/users\/1"}],"replies":[{"embeddable":true,"href":"https:\/\/ahfnoticias.com\/index.php?rest_route=%2Fwp%2Fv2%2Fcomments&post=1875"}],"version-history":[{"count":0,"href":"https:\/\/ahfnoticias.com\/index.php?rest_route=\/wp\/v2\/posts\/1875\/revisions"}],"wp:attachment":[{"href":"https:\/\/ahfnoticias.com\/index.php?rest_route=%2Fwp%2Fv2%2Fmedia&parent=1875"}],"wp:term":[{"taxonomy":"category","embeddable":true,"href":"https:\/\/ahfnoticias.com\/index.php?rest_route=%2Fwp%2Fv2%2Fcategories&post=1875"},{"taxonomy":"post_tag","embeddable":true,"href":"https:\/\/ahfnoticias.com\/index.php?rest_route=%2Fwp%2Fv2%2Ftags&post=1875"}],"curies":[{"name":"wp","href":"https:\/\/api.w.org\/{rel}","templated":true}]}}