{"id":1900,"date":"2025-11-25T22:17:41","date_gmt":"2025-11-25T22:17:41","guid":{"rendered":"https:\/\/ahfnoticias.com\/?p=1900"},"modified":"2025-11-25T22:17:41","modified_gmt":"2025-11-25T22:17:41","slug":"el-man-es-german","status":"publish","type":"post","link":"https:\/\/ahfnoticias.com\/?p=1900","title":{"rendered":"\u00bfEl man es Germ\u00e1n?"},"content":{"rendered":"<p><img loading=\"lazy\" decoding=\"async\" class=\"aligncenter wp-image-1793\" src=\"https:\/\/ahfnoticias.com\/wp-content\/uploads\/2024\/09\/Portada-Kien-y-Ke.jpeg\" alt=\"\" width=\"471\" height=\"265\" srcset=\"https:\/\/ahfnoticias.com\/wp-content\/uploads\/2024\/09\/Portada-Kien-y-Ke.jpeg 560w, https:\/\/ahfnoticias.com\/wp-content\/uploads\/2024\/09\/Portada-Kien-y-Ke-300x169.jpeg 300w\" sizes=\"auto, (max-width: 471px) 100vw, 471px\" \/><\/p>\n<p>La pol\u00edtica est\u00e1 que arde con la gasolina de las primeras encuestas. Los resultados de los tres primeros presidenciables pusieron a correr a todo el lote de los m\u00e1s de 100 candidatos.<!--more--><\/p>\n<p>A cuentas de hoy, estar\u00edamos entre Iv\u00e1n, Abelardo y Sergio. Seguramente esa fotograf\u00eda cambiar\u00e1 con las nuevas mediciones.<\/p>\n<p>Iv\u00e1n pica en punta anticipadamente, pues la fuga a tantos kil\u00f3metros de la meta tal vez no le d\u00e9 para llegar primero, pues faltan m\u00e1s de cuatro meses para las consultas interpartidistas y seis para la primera vuelta presidencial. El Tigre y\u00a0<em>outsider<\/em>\u00a0Abelardo, est\u00e1 pisando fuerte, y Sergio se mantiene en sus platas.<\/p>\n<p>Iv\u00e1n, es un candidato duro, pero no tiene experiencia gobernando. El Tigre parece que no es como lo pintan y tampoco tiene experiencia gobernando, es un controvertido abogado. Y Fajardo, aunque tiene experiencia gobernando, se qued\u00f3 como tibio. De los que siguen en el lote, Vicky y Claudia se est\u00e1n desinflando. A Miguel padre y las tres se\u00f1oras del Centro Democr\u00e1tico el aire solo les alcanza hasta marzo.\u00a0Juan Carlos Pinz\u00f3n se acomoda junto a Ingrid, a ver c\u00f3mo flota y sigue pedaleando.<\/p>\n<p>Hay un jugador que tiene al pa\u00eds en vilo: Germ\u00e1n Vargas Lleras. Unos dicen que est\u00e1 enfermo, otros que ya se recuper\u00f3. Unos m\u00e1s que se va a lanzar y otros que no. Es malgeniado, con coscorr\u00f3n incluido, fumador y toma trago, pero tiene el perfil de estadista, tiene experiencia en el manejo de la cosa p\u00fablica y le cabe el pa\u00eds en la cabeza como dicen los analistas pol\u00edticos.\u00a0Lo cierto es que \u00e9l tiene con qu\u00e9; y a\u00fan sin lanzarse ya est\u00e1 marcando en las primeras encuestas.<\/p>\n<p>Vargas tiene una gran responsabilidad con el pa\u00eds. \u00c9l sabe que entre todos los candidatos es el \u00fanico que puede sacar a Colombia del dilema de: Iv\u00e1n, Abelardo, Sergio u otro.<\/p>\n<p>Ellos como el resto de los aspirantes solo est\u00e1n centrados en atacar y defenderse en redes sociales.<\/p>\n<p>Y los programas y las propuestas, \u00bfd\u00f3nde est\u00e1n?<\/p>\n<p>Si Vargas se decide, entrar\u00e1 con toda. Y \u00e9l sabe c\u00f3mo hacerlo. Est\u00e1 curtido en la pol\u00edtica y sabe de campa\u00f1as, ir\u00eda para la tercera candidatura presidencial. Las condiciones del pa\u00eds son diferentes, muy diferentes a las de 2010 y 2018.<\/p>\n<p>Don Germ\u00e1n: dec\u00eddase, l\u00e1ncese al ruedo y sacuda el ajedrez pol\u00edtico, con ideas, como usted sabe hacerlo. Eso es lo que clama la gente. Muchos, much\u00edsimos, creen que el \u201cman\u00a0es Germ\u00e1n\u201d. \u00bfO ser\u00e1 que aparece un gallo tapado? Aver\u00edg\u00fcelo Vargas.<\/p>\n","protected":false},"excerpt":{"rendered":"<p>La pol\u00edtica est\u00e1 que arde con la gasolina de las primeras encuestas. Los resultados de los tres primeros presidenciables pusieron a correr a todo el lote de los m\u00e1s de 100 candidatos.<\/p>\n","protected":false},"author":1,"featured_media":0,"comment_status":"closed","ping_status":"closed","sticky":false,"template":"","format":"aside","meta":{"footnotes":""},"categories":[1,32],"tags":[51,50,52,53],"class_list":["post-1900","post","type-post","status-publish","format-aside","hentry","category-home","category-opinion","tag-51","tag-actualidad","tag-colombia","tag-elecciones","post_format-post-format-aside"],"yoast_head":"<!-- This site is optimized with the Yoast SEO plugin v27.1.1 - https:\/\/yoast.com\/product\/yoast-seo-wordpress\/ -->\n<title>\u00bfEl man es Germ\u00e1n? - AHF Noticias<\/title>\n<meta name=\"robots\" content=\"noindex, follow, max-snippet:-1, max-image-preview:large, max-video-preview:-1\" \/>\n<meta property=\"og:locale\" content=\"es_ES\" \/>\n<meta property=\"og:type\" content=\"article\" \/>\n<meta property=\"og:title\" content=\"\u00bfEl man es Germ\u00e1n? - AHF Noticias\" \/>\n<meta property=\"og:description\" content=\"La pol\u00edtica est\u00e1 que arde con la gasolina de las primeras encuestas. Los resultados de los tres primeros presidenciables pusieron a correr a todo el lote de los m\u00e1s de 100 candidatos.\" \/>\n<meta property=\"og:url\" content=\"https:\/\/ahfnoticias.com\/?p=1900\" \/>\n<meta property=\"og:site_name\" content=\"AHF Noticias\" \/>\n<meta property=\"article:published_time\" content=\"2025-11-25T22:17:41+00:00\" \/>\n<meta property=\"og:image\" content=\"https:\/\/ahfnoticias.com\/wp-content\/uploads\/2024\/09\/Portada-Kien-y-Ke.jpeg\" \/>\n<meta name=\"author\" content=\"Am\u00edlkar Hern\u00e1ndez\" \/>\n<meta name=\"twitter:card\" content=\"summary_large_image\" \/>\n<meta name=\"twitter:label1\" content=\"Escrito por\" \/>\n\t<meta name=\"twitter:data1\" content=\"Am\u00edlkar Hern\u00e1ndez\" \/>\n\t<meta name=\"twitter:label2\" content=\"Tiempo de lectura\" \/>\n\t<meta name=\"twitter:data2\" content=\"3 minutos\" \/>\n<script type=\"application\/ld+json\" class=\"yoast-schema-graph\">{\"@context\":\"https:\/\/schema.org\",\"@graph\":[{\"@type\":\"Article\",\"@id\":\"https:\/\/ahfnoticias.com\/?p=1900#article\",\"isPartOf\":{\"@id\":\"https:\/\/ahfnoticias.com\/?p=1900\"},\"author\":{\"name\":\"Am\u00edlkar Hern\u00e1ndez\",\"@id\":\"https:\/\/ahfnoticias.com\/#\/schema\/person\/63fcf7915f609cd6773927cda38c52f8\"},\"headline\":\"\u00bfEl man es Germ\u00e1n?\",\"datePublished\":\"2025-11-25T22:17:41+00:00\",\"mainEntityOfPage\":{\"@id\":\"https:\/\/ahfnoticias.com\/?p=1900\"},\"wordCount\":456,\"image\":{\"@id\":\"https:\/\/ahfnoticias.com\/?p=1900#primaryimage\"},\"thumbnailUrl\":\"https:\/\/ahfnoticias.com\/wp-content\/uploads\/2024\/09\/Portada-Kien-y-Ke.jpeg\",\"keywords\":[\"2025\",\"actualidad\",\"Colombia\",\"elecciones\"],\"articleSection\":[\"Home\",\"Opinion\"],\"inLanguage\":\"es\"},{\"@type\":\"WebPage\",\"@id\":\"https:\/\/ahfnoticias.com\/?p=1900\",\"url\":\"https:\/\/ahfnoticias.com\/?p=1900\",\"name\":\"\u00bfEl man es Germ\u00e1n? - AHF Noticias\",\"isPartOf\":{\"@id\":\"https:\/\/ahfnoticias.com\/#website\"},\"primaryImageOfPage\":{\"@id\":\"https:\/\/ahfnoticias.com\/?p=1900#primaryimage\"},\"image\":{\"@id\":\"https:\/\/ahfnoticias.com\/?p=1900#primaryimage\"},\"thumbnailUrl\":\"https:\/\/ahfnoticias.com\/wp-content\/uploads\/2024\/09\/Portada-Kien-y-Ke.jpeg\",\"datePublished\":\"2025-11-25T22:17:41+00:00\",\"author\":{\"@id\":\"https:\/\/ahfnoticias.com\/#\/schema\/person\/63fcf7915f609cd6773927cda38c52f8\"},\"breadcrumb\":{\"@id\":\"https:\/\/ahfnoticias.com\/?p=1900#breadcrumb\"},\"inLanguage\":\"es\",\"potentialAction\":[{\"@type\":\"ReadAction\",\"target\":[\"https:\/\/ahfnoticias.com\/?p=1900\"]}]},{\"@type\":\"ImageObject\",\"inLanguage\":\"es\",\"@id\":\"https:\/\/ahfnoticias.com\/?p=1900#primaryimage\",\"url\":\"https:\/\/ahfnoticias.com\/wp-content\/uploads\/2024\/09\/Portada-Kien-y-Ke.jpeg\",\"contentUrl\":\"https:\/\/ahfnoticias.com\/wp-content\/uploads\/2024\/09\/Portada-Kien-y-Ke.jpeg\",\"width\":560,\"height\":315},{\"@type\":\"BreadcrumbList\",\"@id\":\"https:\/\/ahfnoticias.com\/?p=1900#breadcrumb\",\"itemListElement\":[{\"@type\":\"ListItem\",\"position\":1,\"name\":\"Portada\",\"item\":\"https:\/\/ahfnoticias.com\/\"},{\"@type\":\"ListItem\",\"position\":2,\"name\":\"\u00bfEl man es Germ\u00e1n?\"}]},{\"@type\":\"WebSite\",\"@id\":\"https:\/\/ahfnoticias.com\/#website\",\"url\":\"https:\/\/ahfnoticias.com\/\",\"name\":\"AHF Noticias\",\"description\":\"\",\"potentialAction\":[{\"@type\":\"SearchAction\",\"target\":{\"@type\":\"EntryPoint\",\"urlTemplate\":\"https:\/\/ahfnoticias.com\/?s={search_term_string}\"},\"query-input\":{\"@type\":\"PropertyValueSpecification\",\"valueRequired\":true,\"valueName\":\"search_term_string\"}}],\"inLanguage\":\"es\"},{\"@type\":\"Person\",\"@id\":\"https:\/\/ahfnoticias.com\/#\/schema\/person\/63fcf7915f609cd6773927cda38c52f8\",\"name\":\"Am\u00edlkar Hern\u00e1ndez\",\"image\":{\"@type\":\"ImageObject\",\"inLanguage\":\"es\",\"@id\":\"https:\/\/ahfnoticias.com\/#\/schema\/person\/image\/\",\"url\":\"https:\/\/secure.gravatar.com\/avatar\/141eb1b99aea3beadbe5a30a2cd8028109f3a5b2921dc90d57bfc224eb8e5fa6?s=96&d=mm&r=g\",\"contentUrl\":\"https:\/\/secure.gravatar.com\/avatar\/141eb1b99aea3beadbe5a30a2cd8028109f3a5b2921dc90d57bfc224eb8e5fa6?s=96&d=mm&r=g\",\"caption\":\"Am\u00edlkar Hern\u00e1ndez\"},\"url\":\"https:\/\/ahfnoticias.com\/?author=1\"}]}<\/script>\n<!-- \/ Yoast SEO plugin. -->","yoast_head_json":{"title":"\u00bfEl man es Germ\u00e1n? - AHF Noticias","robots":{"index":"noindex","follow":"follow","max-snippet":"max-snippet:-1","max-image-preview":"max-image-preview:large","max-video-preview":"max-video-preview:-1"},"og_locale":"es_ES","og_type":"article","og_title":"\u00bfEl man es Germ\u00e1n? - AHF Noticias","og_description":"La pol\u00edtica est\u00e1 que arde con la gasolina de las primeras encuestas. Los resultados de los tres primeros presidenciables pusieron a correr a todo el lote de los m\u00e1s de 100 candidatos.","og_url":"https:\/\/ahfnoticias.com\/?p=1900","og_site_name":"AHF Noticias","article_published_time":"2025-11-25T22:17:41+00:00","og_image":[{"url":"https:\/\/ahfnoticias.com\/wp-content\/uploads\/2024\/09\/Portada-Kien-y-Ke.jpeg","type":"","width":"","height":""}],"author":"Am\u00edlkar Hern\u00e1ndez","twitter_card":"summary_large_image","twitter_misc":{"Escrito por":"Am\u00edlkar Hern\u00e1ndez","Tiempo de lectura":"3 minutos"},"schema":{"@context":"https:\/\/schema.org","@graph":[{"@type":"Article","@id":"https:\/\/ahfnoticias.com\/?p=1900#article","isPartOf":{"@id":"https:\/\/ahfnoticias.com\/?p=1900"},"author":{"name":"Am\u00edlkar Hern\u00e1ndez","@id":"https:\/\/ahfnoticias.com\/#\/schema\/person\/63fcf7915f609cd6773927cda38c52f8"},"headline":"\u00bfEl man es Germ\u00e1n?","datePublished":"2025-11-25T22:17:41+00:00","mainEntityOfPage":{"@id":"https:\/\/ahfnoticias.com\/?p=1900"},"wordCount":456,"image":{"@id":"https:\/\/ahfnoticias.com\/?p=1900#primaryimage"},"thumbnailUrl":"https:\/\/ahfnoticias.com\/wp-content\/uploads\/2024\/09\/Portada-Kien-y-Ke.jpeg","keywords":["2025","actualidad","Colombia","elecciones"],"articleSection":["Home","Opinion"],"inLanguage":"es"},{"@type":"WebPage","@id":"https:\/\/ahfnoticias.com\/?p=1900","url":"https:\/\/ahfnoticias.com\/?p=1900","name":"\u00bfEl man es Germ\u00e1n? - AHF Noticias","isPartOf":{"@id":"https:\/\/ahfnoticias.com\/#website"},"primaryImageOfPage":{"@id":"https:\/\/ahfnoticias.com\/?p=1900#primaryimage"},"image":{"@id":"https:\/\/ahfnoticias.com\/?p=1900#primaryimage"},"thumbnailUrl":"https:\/\/ahfnoticias.com\/wp-content\/uploads\/2024\/09\/Portada-Kien-y-Ke.jpeg","datePublished":"2025-11-25T22:17:41+00:00","author":{"@id":"https:\/\/ahfnoticias.com\/#\/schema\/person\/63fcf7915f609cd6773927cda38c52f8"},"breadcrumb":{"@id":"https:\/\/ahfnoticias.com\/?p=1900#breadcrumb"},"inLanguage":"es","potentialAction":[{"@type":"ReadAction","target":["https:\/\/ahfnoticias.com\/?p=1900"]}]},{"@type":"ImageObject","inLanguage":"es","@id":"https:\/\/ahfnoticias.com\/?p=1900#primaryimage","url":"https:\/\/ahfnoticias.com\/wp-content\/uploads\/2024\/09\/Portada-Kien-y-Ke.jpeg","contentUrl":"https:\/\/ahfnoticias.com\/wp-content\/uploads\/2024\/09\/Portada-Kien-y-Ke.jpeg","width":560,"height":315},{"@type":"BreadcrumbList","@id":"https:\/\/ahfnoticias.com\/?p=1900#breadcrumb","itemListElement":[{"@type":"ListItem","position":1,"name":"Portada","item":"https:\/\/ahfnoticias.com\/"},{"@type":"ListItem","position":2,"name":"\u00bfEl man es Germ\u00e1n?"}]},{"@type":"WebSite","@id":"https:\/\/ahfnoticias.com\/#website","url":"https:\/\/ahfnoticias.com\/","name":"AHF Noticias","description":"","potentialAction":[{"@type":"SearchAction","target":{"@type":"EntryPoint","urlTemplate":"https:\/\/ahfnoticias.com\/?s={search_term_string}"},"query-input":{"@type":"PropertyValueSpecification","valueRequired":true,"valueName":"search_term_string"}}],"inLanguage":"es"},{"@type":"Person","@id":"https:\/\/ahfnoticias.com\/#\/schema\/person\/63fcf7915f609cd6773927cda38c52f8","name":"Am\u00edlkar Hern\u00e1ndez","image":{"@type":"ImageObject","inLanguage":"es","@id":"https:\/\/ahfnoticias.com\/#\/schema\/person\/image\/","url":"https:\/\/secure.gravatar.com\/avatar\/141eb1b99aea3beadbe5a30a2cd8028109f3a5b2921dc90d57bfc224eb8e5fa6?s=96&d=mm&r=g","contentUrl":"https:\/\/secure.gravatar.com\/avatar\/141eb1b99aea3beadbe5a30a2cd8028109f3a5b2921dc90d57bfc224eb8e5fa6?s=96&d=mm&r=g","caption":"Am\u00edlkar Hern\u00e1ndez"},"url":"https:\/\/ahfnoticias.com\/?author=1"}]}},"_links":{"self":[{"href":"https:\/\/ahfnoticias.com\/index.php?rest_route=\/wp\/v2\/posts\/1900","targetHints":{"allow":["GET"]}}],"collection":[{"href":"https:\/\/ahfnoticias.com\/index.php?rest_route=\/wp\/v2\/posts"}],"about":[{"href":"https:\/\/ahfnoticias.com\/index.php?rest_route=\/wp\/v2\/types\/post"}],"author":[{"embeddable":true,"href":"https:\/\/ahfnoticias.com\/index.php?rest_route=\/wp\/v2\/users\/1"}],"replies":[{"embeddable":true,"href":"https:\/\/ahfnoticias.com\/index.php?rest_route=%2Fwp%2Fv2%2Fcomments&post=1900"}],"version-history":[{"count":0,"href":"https:\/\/ahfnoticias.com\/index.php?rest_route=\/wp\/v2\/posts\/1900\/revisions"}],"wp:attachment":[{"href":"https:\/\/ahfnoticias.com\/index.php?rest_route=%2Fwp%2Fv2%2Fmedia&parent=1900"}],"wp:term":[{"taxonomy":"category","embeddable":true,"href":"https:\/\/ahfnoticias.com\/index.php?rest_route=%2Fwp%2Fv2%2Fcategories&post=1900"},{"taxonomy":"post_tag","embeddable":true,"href":"https:\/\/ahfnoticias.com\/index.php?rest_route=%2Fwp%2Fv2%2Ftags&post=1900"}],"curies":[{"name":"wp","href":"https:\/\/api.w.org\/{rel}","templated":true}]}}