{"id":4613,"date":"2025-12-26T22:22:19","date_gmt":"2025-12-26T22:22:19","guid":{"rendered":"https:\/\/ahfnoticias.com\/?p=4613"},"modified":"2025-12-26T23:35:39","modified_gmt":"2025-12-26T23:35:39","slug":"26-predicciones-para-el-2026","status":"publish","type":"post","link":"https:\/\/ahfnoticias.com\/?p=4613","title":{"rendered":"26 predicciones para el 2026"},"content":{"rendered":"<p><img loading=\"lazy\" decoding=\"async\" class=\"aligncenter wp-image-1793\" src=\"https:\/\/ahfnoticias.com\/wp-content\/uploads\/2024\/09\/Portada-Kien-y-Ke.jpeg\" alt=\"\" width=\"471\" height=\"265\" srcset=\"https:\/\/ahfnoticias.com\/wp-content\/uploads\/2024\/09\/Portada-Kien-y-Ke.jpeg 560w, https:\/\/ahfnoticias.com\/wp-content\/uploads\/2024\/09\/Portada-Kien-y-Ke-300x169.jpeg 300w\" sizes=\"auto, (max-width: 471px) 100vw, 471px\" \/><\/p>\n<p>Como lo hago cada fin de a\u00f1o, desde hace m\u00e1s de una d\u00e9cada, les comparto mis predicciones para el 2026, basadas en expectativas, perspectivas y percepciones. Este ejercicio trata de acertar, no de adivinar. Y para eso se aplica el olfato period\u00edstico, el sexto sentido y el sentido com\u00fan. Entonces, vamos con las 26 del 26.<\/p>\n<p><!--more--><\/p>\n<ol>\n<li>El nuevo presidente de Colombia estar\u00eda entre Iv\u00e1n, Abelardo y Sergio. Pero, falta todav\u00eda un gallo duro por saltar a la palestra.<\/li>\n<li>Pacto hist\u00f3rico, Centro Democr\u00e1tico y Cambio radical se llevan m\u00e1s de la mitad de las\u00a0curules del Congreso.<\/li>\n<li>Salen del Congreso los 10 exjefes de las Farc que tienen curules.<\/li>\n<li>A la primera vuelta presidencial ir\u00e1n m\u00e1s de 10 candidatos. Tres de la izquierda, cuatro de\u00a0la derecha, dos del centro, y uno que nada que ver. Ellos son: Cepeda, Quintero y Caicedo.\u00a0De la Espriella, Pinz\u00f3n, Paloma y Vicky. Fajardo y Claudia. Y uno nuevo.<\/li>\n<li>La selecci\u00f3n Colombia no llega a los cuartos de final del mundial de f\u00fatbol.<\/li>\n<li>Maduro sale de Venezuela.<\/li>\n<li>Trump logra acuerdo que poner fin a la guerra en Ucrania.<\/li>\n<li>Julio S\u00e1nchez director para la alianza Caracol Radio y la W. Sale Gustavo G\u00f3mez.<\/li>\n<li>Petro se queda&#8230; en Colombia.<\/li>\n<li>Uribe lidera duros debates en el Senado.<\/li>\n<li>El d\u00f3lar llegar\u00e1 a los $4.500. La inflaci\u00f3n pasar\u00e1 el 6% y el PIB estar\u00e1 por debajo del 3%.<\/li>\n<li>M\u00e1s EPS se declaran en quiebra.<\/li>\n<li>Los pasaportes seguir\u00e1n siendo hechos en Colombia. Se enreda contrato con Portugal.<\/li>\n<li>El nuevo gobierno reabre di\u00e1logos con el ELN.<\/li>\n<li>Apenas arranque, el nuevo gobierno presentar\u00e1 una reforma tributaria por m\u00e1s de 20\u00a0billones de pesos.<\/li>\n<li>El metro sufre retrasos en su plan de ejecuci\u00f3n. No arrancar\u00e1 el 14 de marzo de 2028.<\/li>\n<li>Nobel de paz para Trump.<\/li>\n<li>Ciclista colombiano en el podio de la vuelta a Francia.<\/li>\n<li>Habr\u00e1 rumores sobre grave estado de salud de Kim Jong-un en Corea del Norte. Se\u00a0comienza a pensar en una sucesora.<\/li>\n<li>Nicol\u00e1s Petro, los exministros Bonilla y Velasco y otros exfuncionarios del gobierno Petro a c\u00e1rcel domiciliaria.<\/li>\n<li>Shakira formalizar\u00e1 un romance.<\/li>\n<li>El gobierno saliente organiza un show para la firma de un &#8216;acuerdo de paz&#8217; con el clan del\u00a0Golfo.<\/li>\n<li>La Universidad Nacional elije el cuarto rector en menos de dos a\u00f1os.<\/li>\n<li>La reforma pensional quedar\u00e1 en el limbo. La Corte la devuelve a un Congreso que est\u00e1 de\u00a0salida.<\/li>\n<li>Y, la hundida reforma a la salud podr\u00eda resucitar en el nuevo Congreso.<\/li>\n<li>Durante todo el a\u00f1o se hablar\u00e1 y amenazar\u00e1 con un apag\u00f3n o racionamiento de luz, que no\u00a0se har\u00e1 efectivo.<\/li>\n<\/ol>\n<p>Bueno, ah\u00ed les dejo las 26 predicciones para el 2026, que son para cuestionar, discutir y compartir. Feliz Navidad y pr\u00f3spero a\u00f1o.<\/p>\n","protected":false},"excerpt":{"rendered":"<p>Como lo hago cada fin de a\u00f1o, desde hace m\u00e1s de una d\u00e9cada, les comparto mis predicciones para el 2026, basadas en expectativas, perspectivas y percepciones. Este ejercicio trata de acertar, no de adivinar. Y para eso se aplica el olfato period\u00edstico, el sexto sentido y el sentido com\u00fan. Entonces, vamos con las 26 del [&hellip;]<\/p>\n","protected":false},"author":1,"featured_media":0,"comment_status":"closed","ping_status":"closed","sticky":false,"template":"","format":"aside","meta":{"footnotes":""},"categories":[1,32],"tags":[50,52,48,49],"class_list":["post-4613","post","type-post","status-publish","format-aside","hentry","category-home","category-opinion","tag-actualidad","tag-colombia","tag-politica","tag-predicciones","post_format-post-format-aside"],"yoast_head":"<!-- This site is optimized with the Yoast SEO plugin v27.1.1 - https:\/\/yoast.com\/product\/yoast-seo-wordpress\/ -->\n<title>26 predicciones para el 2026 - AHF Noticias<\/title>\n<meta name=\"robots\" content=\"noindex, follow, max-snippet:-1, max-image-preview:large, max-video-preview:-1\" \/>\n<meta property=\"og:locale\" content=\"es_ES\" \/>\n<meta property=\"og:type\" content=\"article\" \/>\n<meta property=\"og:title\" content=\"26 predicciones para el 2026 - AHF Noticias\" \/>\n<meta property=\"og:description\" content=\"Como lo hago cada fin de a\u00f1o, desde hace m\u00e1s de una d\u00e9cada, les comparto mis predicciones para el 2026, basadas en expectativas, perspectivas y percepciones. Este ejercicio trata de acertar, no de adivinar. Y para eso se aplica el olfato period\u00edstico, el sexto sentido y el sentido com\u00fan. Entonces, vamos con las 26 del [&hellip;]\" \/>\n<meta property=\"og:url\" content=\"https:\/\/ahfnoticias.com\/?p=4613\" \/>\n<meta property=\"og:site_name\" content=\"AHF Noticias\" \/>\n<meta property=\"article:published_time\" content=\"2025-12-26T22:22:19+00:00\" \/>\n<meta property=\"article:modified_time\" content=\"2025-12-26T23:35:39+00:00\" \/>\n<meta property=\"og:image\" content=\"https:\/\/ahfnoticias.com\/wp-content\/uploads\/2024\/09\/Portada-Kien-y-Ke.jpeg\" \/>\n\t<meta property=\"og:image:width\" content=\"560\" \/>\n\t<meta property=\"og:image:height\" content=\"315\" \/>\n\t<meta property=\"og:image:type\" content=\"image\/jpeg\" \/>\n<meta name=\"author\" content=\"Am\u00edlkar Hern\u00e1ndez\" \/>\n<meta name=\"twitter:card\" content=\"summary_large_image\" \/>\n<meta name=\"twitter:label1\" content=\"Escrito por\" \/>\n\t<meta name=\"twitter:data1\" content=\"Am\u00edlkar Hern\u00e1ndez\" \/>\n\t<meta name=\"twitter:label2\" content=\"Tiempo de lectura\" \/>\n\t<meta name=\"twitter:data2\" content=\"3 minutos\" \/>\n<script type=\"application\/ld+json\" class=\"yoast-schema-graph\">{\"@context\":\"https:\/\/schema.org\",\"@graph\":[{\"@type\":\"Article\",\"@id\":\"https:\/\/ahfnoticias.com\/?p=4613#article\",\"isPartOf\":{\"@id\":\"https:\/\/ahfnoticias.com\/?p=4613\"},\"author\":{\"name\":\"Am\u00edlkar Hern\u00e1ndez\",\"@id\":\"https:\/\/ahfnoticias.com\/#\/schema\/person\/63fcf7915f609cd6773927cda38c52f8\"},\"headline\":\"26 predicciones para el 2026\",\"datePublished\":\"2025-12-26T22:22:19+00:00\",\"dateModified\":\"2025-12-26T23:35:39+00:00\",\"mainEntityOfPage\":{\"@id\":\"https:\/\/ahfnoticias.com\/?p=4613\"},\"wordCount\":470,\"image\":{\"@id\":\"https:\/\/ahfnoticias.com\/?p=4613#primaryimage\"},\"thumbnailUrl\":\"https:\/\/ahfnoticias.com\/wp-content\/uploads\/2024\/09\/Portada-Kien-y-Ke.jpeg\",\"keywords\":[\"actualidad\",\"Colombia\",\"pol\u00edtica\",\"predicciones\"],\"articleSection\":[\"Home\",\"Opinion\"],\"inLanguage\":\"es\"},{\"@type\":\"WebPage\",\"@id\":\"https:\/\/ahfnoticias.com\/?p=4613\",\"url\":\"https:\/\/ahfnoticias.com\/?p=4613\",\"name\":\"26 predicciones para el 2026 - AHF Noticias\",\"isPartOf\":{\"@id\":\"https:\/\/ahfnoticias.com\/#website\"},\"primaryImageOfPage\":{\"@id\":\"https:\/\/ahfnoticias.com\/?p=4613#primaryimage\"},\"image\":{\"@id\":\"https:\/\/ahfnoticias.com\/?p=4613#primaryimage\"},\"thumbnailUrl\":\"https:\/\/ahfnoticias.com\/wp-content\/uploads\/2024\/09\/Portada-Kien-y-Ke.jpeg\",\"datePublished\":\"2025-12-26T22:22:19+00:00\",\"dateModified\":\"2025-12-26T23:35:39+00:00\",\"author\":{\"@id\":\"https:\/\/ahfnoticias.com\/#\/schema\/person\/63fcf7915f609cd6773927cda38c52f8\"},\"breadcrumb\":{\"@id\":\"https:\/\/ahfnoticias.com\/?p=4613#breadcrumb\"},\"inLanguage\":\"es\",\"potentialAction\":[{\"@type\":\"ReadAction\",\"target\":[\"https:\/\/ahfnoticias.com\/?p=4613\"]}]},{\"@type\":\"ImageObject\",\"inLanguage\":\"es\",\"@id\":\"https:\/\/ahfnoticias.com\/?p=4613#primaryimage\",\"url\":\"https:\/\/ahfnoticias.com\/wp-content\/uploads\/2024\/09\/Portada-Kien-y-Ke.jpeg\",\"contentUrl\":\"https:\/\/ahfnoticias.com\/wp-content\/uploads\/2024\/09\/Portada-Kien-y-Ke.jpeg\",\"width\":560,\"height\":315},{\"@type\":\"BreadcrumbList\",\"@id\":\"https:\/\/ahfnoticias.com\/?p=4613#breadcrumb\",\"itemListElement\":[{\"@type\":\"ListItem\",\"position\":1,\"name\":\"Portada\",\"item\":\"https:\/\/ahfnoticias.com\/\"},{\"@type\":\"ListItem\",\"position\":2,\"name\":\"26 predicciones para el 2026\"}]},{\"@type\":\"WebSite\",\"@id\":\"https:\/\/ahfnoticias.com\/#website\",\"url\":\"https:\/\/ahfnoticias.com\/\",\"name\":\"AHF Noticias\",\"description\":\"\",\"potentialAction\":[{\"@type\":\"SearchAction\",\"target\":{\"@type\":\"EntryPoint\",\"urlTemplate\":\"https:\/\/ahfnoticias.com\/?s={search_term_string}\"},\"query-input\":{\"@type\":\"PropertyValueSpecification\",\"valueRequired\":true,\"valueName\":\"search_term_string\"}}],\"inLanguage\":\"es\"},{\"@type\":\"Person\",\"@id\":\"https:\/\/ahfnoticias.com\/#\/schema\/person\/63fcf7915f609cd6773927cda38c52f8\",\"name\":\"Am\u00edlkar Hern\u00e1ndez\",\"image\":{\"@type\":\"ImageObject\",\"inLanguage\":\"es\",\"@id\":\"https:\/\/ahfnoticias.com\/#\/schema\/person\/image\/\",\"url\":\"https:\/\/secure.gravatar.com\/avatar\/141eb1b99aea3beadbe5a30a2cd8028109f3a5b2921dc90d57bfc224eb8e5fa6?s=96&d=mm&r=g\",\"contentUrl\":\"https:\/\/secure.gravatar.com\/avatar\/141eb1b99aea3beadbe5a30a2cd8028109f3a5b2921dc90d57bfc224eb8e5fa6?s=96&d=mm&r=g\",\"caption\":\"Am\u00edlkar Hern\u00e1ndez\"},\"url\":\"https:\/\/ahfnoticias.com\/?author=1\"}]}<\/script>\n<!-- \/ Yoast SEO plugin. -->","yoast_head_json":{"title":"26 predicciones para el 2026 - AHF Noticias","robots":{"index":"noindex","follow":"follow","max-snippet":"max-snippet:-1","max-image-preview":"max-image-preview:large","max-video-preview":"max-video-preview:-1"},"og_locale":"es_ES","og_type":"article","og_title":"26 predicciones para el 2026 - AHF Noticias","og_description":"Como lo hago cada fin de a\u00f1o, desde hace m\u00e1s de una d\u00e9cada, les comparto mis predicciones para el 2026, basadas en expectativas, perspectivas y percepciones. Este ejercicio trata de acertar, no de adivinar. Y para eso se aplica el olfato period\u00edstico, el sexto sentido y el sentido com\u00fan. Entonces, vamos con las 26 del [&hellip;]","og_url":"https:\/\/ahfnoticias.com\/?p=4613","og_site_name":"AHF Noticias","article_published_time":"2025-12-26T22:22:19+00:00","article_modified_time":"2025-12-26T23:35:39+00:00","og_image":[{"width":560,"height":315,"url":"https:\/\/ahfnoticias.com\/wp-content\/uploads\/2024\/09\/Portada-Kien-y-Ke.jpeg","type":"image\/jpeg"}],"author":"Am\u00edlkar Hern\u00e1ndez","twitter_card":"summary_large_image","twitter_misc":{"Escrito por":"Am\u00edlkar Hern\u00e1ndez","Tiempo de lectura":"3 minutos"},"schema":{"@context":"https:\/\/schema.org","@graph":[{"@type":"Article","@id":"https:\/\/ahfnoticias.com\/?p=4613#article","isPartOf":{"@id":"https:\/\/ahfnoticias.com\/?p=4613"},"author":{"name":"Am\u00edlkar Hern\u00e1ndez","@id":"https:\/\/ahfnoticias.com\/#\/schema\/person\/63fcf7915f609cd6773927cda38c52f8"},"headline":"26 predicciones para el 2026","datePublished":"2025-12-26T22:22:19+00:00","dateModified":"2025-12-26T23:35:39+00:00","mainEntityOfPage":{"@id":"https:\/\/ahfnoticias.com\/?p=4613"},"wordCount":470,"image":{"@id":"https:\/\/ahfnoticias.com\/?p=4613#primaryimage"},"thumbnailUrl":"https:\/\/ahfnoticias.com\/wp-content\/uploads\/2024\/09\/Portada-Kien-y-Ke.jpeg","keywords":["actualidad","Colombia","pol\u00edtica","predicciones"],"articleSection":["Home","Opinion"],"inLanguage":"es"},{"@type":"WebPage","@id":"https:\/\/ahfnoticias.com\/?p=4613","url":"https:\/\/ahfnoticias.com\/?p=4613","name":"26 predicciones para el 2026 - AHF Noticias","isPartOf":{"@id":"https:\/\/ahfnoticias.com\/#website"},"primaryImageOfPage":{"@id":"https:\/\/ahfnoticias.com\/?p=4613#primaryimage"},"image":{"@id":"https:\/\/ahfnoticias.com\/?p=4613#primaryimage"},"thumbnailUrl":"https:\/\/ahfnoticias.com\/wp-content\/uploads\/2024\/09\/Portada-Kien-y-Ke.jpeg","datePublished":"2025-12-26T22:22:19+00:00","dateModified":"2025-12-26T23:35:39+00:00","author":{"@id":"https:\/\/ahfnoticias.com\/#\/schema\/person\/63fcf7915f609cd6773927cda38c52f8"},"breadcrumb":{"@id":"https:\/\/ahfnoticias.com\/?p=4613#breadcrumb"},"inLanguage":"es","potentialAction":[{"@type":"ReadAction","target":["https:\/\/ahfnoticias.com\/?p=4613"]}]},{"@type":"ImageObject","inLanguage":"es","@id":"https:\/\/ahfnoticias.com\/?p=4613#primaryimage","url":"https:\/\/ahfnoticias.com\/wp-content\/uploads\/2024\/09\/Portada-Kien-y-Ke.jpeg","contentUrl":"https:\/\/ahfnoticias.com\/wp-content\/uploads\/2024\/09\/Portada-Kien-y-Ke.jpeg","width":560,"height":315},{"@type":"BreadcrumbList","@id":"https:\/\/ahfnoticias.com\/?p=4613#breadcrumb","itemListElement":[{"@type":"ListItem","position":1,"name":"Portada","item":"https:\/\/ahfnoticias.com\/"},{"@type":"ListItem","position":2,"name":"26 predicciones para el 2026"}]},{"@type":"WebSite","@id":"https:\/\/ahfnoticias.com\/#website","url":"https:\/\/ahfnoticias.com\/","name":"AHF Noticias","description":"","potentialAction":[{"@type":"SearchAction","target":{"@type":"EntryPoint","urlTemplate":"https:\/\/ahfnoticias.com\/?s={search_term_string}"},"query-input":{"@type":"PropertyValueSpecification","valueRequired":true,"valueName":"search_term_string"}}],"inLanguage":"es"},{"@type":"Person","@id":"https:\/\/ahfnoticias.com\/#\/schema\/person\/63fcf7915f609cd6773927cda38c52f8","name":"Am\u00edlkar Hern\u00e1ndez","image":{"@type":"ImageObject","inLanguage":"es","@id":"https:\/\/ahfnoticias.com\/#\/schema\/person\/image\/","url":"https:\/\/secure.gravatar.com\/avatar\/141eb1b99aea3beadbe5a30a2cd8028109f3a5b2921dc90d57bfc224eb8e5fa6?s=96&d=mm&r=g","contentUrl":"https:\/\/secure.gravatar.com\/avatar\/141eb1b99aea3beadbe5a30a2cd8028109f3a5b2921dc90d57bfc224eb8e5fa6?s=96&d=mm&r=g","caption":"Am\u00edlkar Hern\u00e1ndez"},"url":"https:\/\/ahfnoticias.com\/?author=1"}]}},"_links":{"self":[{"href":"https:\/\/ahfnoticias.com\/index.php?rest_route=\/wp\/v2\/posts\/4613","targetHints":{"allow":["GET"]}}],"collection":[{"href":"https:\/\/ahfnoticias.com\/index.php?rest_route=\/wp\/v2\/posts"}],"about":[{"href":"https:\/\/ahfnoticias.com\/index.php?rest_route=\/wp\/v2\/types\/post"}],"author":[{"embeddable":true,"href":"https:\/\/ahfnoticias.com\/index.php?rest_route=\/wp\/v2\/users\/1"}],"replies":[{"embeddable":true,"href":"https:\/\/ahfnoticias.com\/index.php?rest_route=%2Fwp%2Fv2%2Fcomments&post=4613"}],"version-history":[{"count":0,"href":"https:\/\/ahfnoticias.com\/index.php?rest_route=\/wp\/v2\/posts\/4613\/revisions"}],"wp:attachment":[{"href":"https:\/\/ahfnoticias.com\/index.php?rest_route=%2Fwp%2Fv2%2Fmedia&parent=4613"}],"wp:term":[{"taxonomy":"category","embeddable":true,"href":"https:\/\/ahfnoticias.com\/index.php?rest_route=%2Fwp%2Fv2%2Fcategories&post=4613"},{"taxonomy":"post_tag","embeddable":true,"href":"https:\/\/ahfnoticias.com\/index.php?rest_route=%2Fwp%2Fv2%2Ftags&post=4613"}],"curies":[{"name":"wp","href":"https:\/\/api.w.org\/{rel}","templated":true}]}}